{"id":1441,"date":"2017-05-15T16:27:57","date_gmt":"2017-05-15T13:27:57","guid":{"rendered":"http:\/\/www.bulentsekerel.com\/?p=1441"},"modified":"2017-06-14T14:21:58","modified_gmt":"2017-06-14T11:21:58","slug":"bahar-aylarinda-astim-tetikleniyor","status":"publish","type":"post","link":"https:\/\/bulentsekerel.com\/index.php\/bahar-aylarinda-astim-tetikleniyor\/","title":{"rendered":"Bahar aylar\u0131nda ast\u0131m tetikleniyor"},"content":{"rendered":"\n<style type=\"text\/css\" data-created_by=\"avia_inline_auto\" id=\"style-css-av-av_image-8bd715ab32d75a1207146dba5a6266bb\">\n.avia-image-container.av-av_image-8bd715ab32d75a1207146dba5a6266bb img.avia_image{\nbox-shadow:none;\n}\n.avia-image-container.av-av_image-8bd715ab32d75a1207146dba5a6266bb .av-image-caption-overlay-center{\ncolor:#ffffff;\n}\n<\/style>\n<div  class='avia-image-container av-av_image-8bd715ab32d75a1207146dba5a6266bb av-styling- avia-align-center  avia-builder-el-0  el_before_av_heading  avia-builder-el-first '   itemprop=\"image\" itemscope=\"itemscope\" itemtype=\"https:\/\/schema.org\/ImageObject\" ><div class=\"avia-image-container-inner\"><div class=\"avia-image-overlay-wrap\"><img decoding=\"async\" class='wp-image- avia-img-lazy-loading-not- avia_image ' src=\"https:\/\/bulentsekerel.com\/wp-content\/uploads\/2017\/05\/1112_cocuksagligi_alerji-180x180.jpg\" alt='' title=''   itemprop=\"thumbnailUrl\"  \/><\/div><\/div><\/div>\n\n<style type=\"text\/css\" data-created_by=\"avia_inline_auto\" id=\"style-css-av-av_heading-6b3ac7f00971f1ab81efb21f230c5cc5\">\n#top .av-special-heading.av-av_heading-6b3ac7f00971f1ab81efb21f230c5cc5{\npadding-bottom:10px;\n}\nbody .av-special-heading.av-av_heading-6b3ac7f00971f1ab81efb21f230c5cc5 .av-special-heading-tag .heading-char{\nfont-size:25px;\n}\n.av-special-heading.av-av_heading-6b3ac7f00971f1ab81efb21f230c5cc5 .av-subheading{\nfont-size:15px;\n}\n<\/style>\n<div  class='av-special-heading av-av_heading-6b3ac7f00971f1ab81efb21f230c5cc5 av-special-heading-h1  avia-builder-el-1  el_after_av_image  el_before_av_textblock '><h1 class='av-special-heading-tag'  itemprop=\"headline\"  >Bahar aylar\u0131nda ast\u0131m tetikleniyor<\/h1><div class=\"special-heading-border\"><div class=\"special-heading-inner-border\"><\/div><\/div><\/div>\n<section  class='av_textblock_section av-av_textblock-0366cc7376be6c9e82a3e9cc8987b64f'  itemscope=\"itemscope\" itemtype=\"https:\/\/schema.org\/BlogPosting\" itemprop=\"blogPost\" ><div class='avia_textblock'  itemprop=\"text\" ><p><strong><em>Prof. Dr. B\u00fclent Enis \u015eekerel taraf\u0131ndan haz\u0131rlanan\u00a0ve H\u00fcrriyet Gazetesinde yay\u0131nlanan, Ast\u0131m ile ilgili yaz\u0131y\u0131 a\u015fa\u011f\u0131da g\u00f6rebilirsiniz.<\/em><\/strong><\/p>\n<\/div><\/section>\n<section  class='av_textblock_section av-av_textblock-0366cc7376be6c9e82a3e9cc8987b64f'  itemscope=\"itemscope\" itemtype=\"https:\/\/schema.org\/BlogPosting\" itemprop=\"blogPost\" ><div class='avia_textblock'  itemprop=\"text\" ><p><strong>T\u00fcrkiye Ulusal Alerji ve Klinik \u0130mm\u00fcnoloji Derne\u011fi Ba\u015fkan\u0131 Prof. Dr. B\u00fclent \u015eekerel, <a href=\"https:\/\/bulentsekerel.com\/index.php\/astim\/\">ast\u0131m<\/a> hastalar\u0131n\u0131 olumsuz etkileyen fakt\u00f6rlerden ilk akla gelenin alerjenler, hava kirlili\u011fi ve a\u011fr\u0131 kesici ila\u00e7lar oldu\u011funu belirterek &#8220;Hem \u00e7ocukluk hem de eri\u015fkin ya\u015f d\u00f6neminde ast\u0131m\u0131 en s\u0131k tetikleyici neden so\u011fuk alg\u0131nl\u0131\u011f\u0131 vir\u00fcsleridir&#8221; dedi.<\/strong><\/p>\n<p>Prof. Dr. \u015eekerel, d\u00fcnyada 300 milyon <a href=\"https:\/\/bulentsekerel.com\/index.php\/astim\/\">ast\u0131m<\/a> hastas\u0131 oldu\u011funu ve \u00f6n\u00fcm\u00fczdeki 10 y\u0131lda bu say\u0131n\u0131n 400 milyona ula\u015faca\u011f\u0131n\u0131n tahmin edildi\u011fini bildirdi. <a href=\"https:\/\/bulentsekerel.com\/index.php\/astim\/\">Ast\u0131m\u0131n<\/a> hem \u00e7ocuklar\u0131n hem de eri\u015fkinlerin en s\u0131k g\u00f6r\u00fclen kronik hastal\u0131klar\u0131ndan biri oldu\u011funu aktaran \u015eekerel, &#8220;Ast\u0131mdaki bu art\u0131\u015f\u0131n end\u00fcstrile\u015fme ile ili\u015fkili oldu\u011funa inan\u0131lmaktad\u0131r. Nitekim ast\u0131m s\u0131kl\u0131\u011f\u0131 geli\u015fmi\u015f \u00fclkelerde, geli\u015fmemi\u015f \u00fclkelere g\u00f6re daha y\u00fcksektir. \u00dclkemiz, d\u00fcnyada ast\u0131m\u0131n s\u0131k g\u00f6r\u00fcld\u00fc\u011f\u00fc \u00fclkelerden biridir ve hastal\u0131k s\u0131kl\u0131\u011f\u0131n\u0131n \u00f6zellikle Karadeniz b\u00f6lgesinde daha y\u00fcksek oldu\u011fu g\u00f6r\u00fclm\u00fc\u015ft\u00fcr&#8221; dedi.<\/p>\n<p><strong>\u0130LA\u00c7 SOLUNUM YOLUYLA ALINIYOR<\/strong><\/p>\n<div class=\"adv-main-container collapsed-adv-area\">Ast\u0131m\u0131n, akci\u011ferin i\u00e7indeki hava yollar\u0131nda daralmaya neden olan ve alevlenmeler (ataklar) ile seyreden kronik bir akci\u011fer hastal\u0131\u011f\u0131 oldu\u011funu ifade eden \u015eekerel, hava yollar\u0131ndaki bu daralman\u0131n ise mikrobik olmayan bir t\u00fcr iltihap nedeniyle hava yolu duvar\u0131n\u0131n \u015fi\u015fmesinden kaynakland\u0131\u011f\u0131n\u0131 s\u00f6yledi. Hastal\u0131\u011f\u0131n en s\u0131k g\u00f6r\u00fclen belirtileri aras\u0131nda, tekrarlayan nefes darl\u0131\u011f\u0131, nefes al\u0131p verirken ortaya \u00e7\u0131kan h\u0131r\u0131lt\u0131, h\u0131\u015f\u0131lt\u0131 ve \u0131sl\u0131k sesi, g\u00f6\u011f\u00fcste bask\u0131 ve \u00f6ks\u00fcr\u00fck hissinin yer ald\u0131\u011f\u0131n\u0131 anlatan \u015eekerel, tedavideki as\u0131l amac\u0131n hastal\u0131\u011f\u0131n kontrol alt\u0131na al\u0131nmas\u0131 oldu\u011funu dile getirdi. T\u00fcrkiye&#8217;de ast\u0131m tedavisi ile ilgili her t\u00fcrl\u00fc ilac\u0131n bulundu\u011funa i\u015faret eden \u015eekerel, uygun ila\u00e7 tedavisiyle ast\u0131ml\u0131lar\u0131n i\u015f ve okul dahil g\u00fcnl\u00fck ya\u015famlar\u0131na, hastal\u0131k nedeni ile herhangi bir k\u0131s\u0131tlama olmadan devam edebileceklerini s\u00f6yledi. Ast\u0131m ila\u00e7lar\u0131n\u0131n b\u00fcy\u00fck bir k\u0131sm\u0131n\u0131n solunum yolu (inhalasyon) ile kullan\u0131lan ila\u00e7lar oldu\u011funu ifade eden \u015eekerel, solunum yolu ile ila\u00e7 kullan\u0131m\u0131n\u0131n hem ilac\u0131n do\u011frudan hava yollar\u0131na ula\u015fmas\u0131 \u00fczerinden daha etkin bir tedavi sa\u011flad\u0131\u011f\u0131n\u0131 hem de daha az ila\u00e7 kullan\u0131lmas\u0131 sonucu daha az yan etki olu\u015fturdu\u011funu aktard\u0131.<br \/>\n<strong>HAVA K\u0130RL\u0130L\u0130\u011e\u0130 TET\u0130KL\u0130YOR<\/strong><\/div>\n<p>Ast\u0131m hastalar\u0131n\u0131 olumsuz etkileyen fakt\u00f6rler denildi\u011finde \u00e7o\u011fu ki\u015finin akl\u0131na alerjenler, hava kirlili\u011fi ve a\u011fr\u0131 kesici ila\u00e7lar\u0131n geldi\u011fine dikkati \u00e7eken \u015eekerel, &#8220;Hem \u00e7ocukluk hem de eri\u015fkin ya\u015f d\u00f6neminde ast\u0131m\u0131 en s\u0131k tetikleyici neden so\u011fuk alg\u0131nl\u0131\u011f\u0131 vir\u00fcsleridir. Bu vir\u00fcslerin en s\u0131k g\u00f6r\u00fcleni ise nezle vir\u00fcs\u00fcd\u00fcr&#8221; de\u011ferlendirmesini yapt\u0131. Prof. Dr. \u015eekerel, ast\u0131m\u0131 tetikleyen vir\u00fcslere kar\u015f\u0131 yap\u0131lacak en etkin i\u015flemin, hastal\u0131ktan sak\u0131nma \u00f6nlemleri oldu\u011funu belirterek bunun de el ve a\u011f\u0131z hijyenine dikkat edilmesi, kapal\u0131 ortamlar\u0131n s\u0131k s\u0131k havaland\u0131r\u0131lmas\u0131 ile m\u00fcmk\u00fcn olaca\u011f\u0131n\u0131 s\u00f6yledi. Bahar aylar\u0131nda \u00f6zellikle okul ve kre\u015f gibi kapal\u0131 ortamlarda bulunan \u00e7ocuklar\u0131n so\u011fuk alg\u0131nl\u0131\u011f\u0131na daha s\u0131k yakaland\u0131\u011f\u0131na i\u015faret eden \u015eeker, vir\u00fcslerin aks\u0131rma ve \u00f6ks\u00fcrme ile ortama sa\u00e7\u0131lan damlac\u0131klar ve bunlar\u0131n bula\u015ft\u0131\u011f\u0131 objelerle yay\u0131ld\u0131\u011f\u0131n\u0131 dile getirdi.<\/p>\n<\/div><\/section>\n","protected":false},"excerpt":{"rendered":"","protected":false},"author":1,"featured_media":0,"comment_status":"open","ping_status":"open","sticky":false,"template":"","format":"standard","meta":[],"categories":[1],"tags":[],"yoast_head":"<!-- This site is optimized with the Yoast SEO plugin v20.1 - https:\/\/yoast.com\/wordpress\/plugins\/seo\/ -->\n<title>Bahar aylar\u0131nda ast\u0131m tetikleniyor - Prof. Dr. B\u00fclent Enis \u015eekerel<\/title>\n<meta name=\"description\" content=\"Prof. Dr. B\u00fclent Enis \u015eekerel taraf\u0131ndan haz\u0131rlanan ve H\u00fcrriyet Gazetesinde yay\u0131nlanan, Ast\u0131m ile ilgili yaz\u0131ya a\u015fa\u011f\u0131daki linkten ula\u015fabilirsiniz.\" \/>\n<meta name=\"robots\" content=\"index, follow, max-snippet:-1, max-image-preview:large, max-video-preview:-1\" \/>\n<link rel=\"canonical\" href=\"https:\/\/bulentsekerel.com\/index.php\/bahar-aylarinda-astim-tetikleniyor\/\" \/>\n<meta property=\"og:locale\" content=\"tr_TR\" \/>\n<meta property=\"og:type\" content=\"article\" \/>\n<meta property=\"og:title\" content=\"Bahar aylar\u0131nda ast\u0131m tetikleniyor - Prof. Dr. B\u00fclent Enis \u015eekerel\" \/>\n<meta property=\"og:description\" content=\"Prof. Dr. B\u00fclent Enis \u015eekerel taraf\u0131ndan haz\u0131rlanan ve H\u00fcrriyet Gazetesinde yay\u0131nlanan, Ast\u0131m ile ilgili yaz\u0131ya a\u015fa\u011f\u0131daki linkten ula\u015fabilirsiniz.\" \/>\n<meta property=\"og:url\" content=\"https:\/\/bulentsekerel.com\/index.php\/bahar-aylarinda-astim-tetikleniyor\/\" \/>\n<meta property=\"og:site_name\" content=\"Prof. Dr. B\u00fclent Enis \u015eekerel\" \/>\n<meta property=\"article:published_time\" content=\"2017-05-15T13:27:57+00:00\" \/>\n<meta property=\"article:modified_time\" content=\"2017-06-14T11:21:58+00:00\" \/>\n<meta name=\"author\" content=\"Alerji Doktoru\" \/>\n<meta name=\"twitter:card\" content=\"summary_large_image\" \/>\n<meta name=\"twitter:label1\" content=\"Yazan:\" \/>\n\t<meta name=\"twitter:data1\" content=\"Alerji Doktoru\" \/>\n\t<meta name=\"twitter:label2\" content=\"Tahmini okuma s\u00fcresi\" \/>\n\t<meta name=\"twitter:data2\" content=\"4 dakika\" \/>\n<script type=\"application\/ld+json\" class=\"yoast-schema-graph\">{\"@context\":\"https:\/\/schema.org\",\"@graph\":[{\"@type\":\"WebPage\",\"@id\":\"https:\/\/bulentsekerel.com\/index.php\/bahar-aylarinda-astim-tetikleniyor\/\",\"url\":\"https:\/\/bulentsekerel.com\/index.php\/bahar-aylarinda-astim-tetikleniyor\/\",\"name\":\"Bahar aylar\u0131nda ast\u0131m tetikleniyor - Prof. Dr. B\u00fclent Enis \u015eekerel\",\"isPartOf\":{\"@id\":\"https:\/\/bulentsekerel.com\/#website\"},\"datePublished\":\"2017-05-15T13:27:57+00:00\",\"dateModified\":\"2017-06-14T11:21:58+00:00\",\"author\":{\"@id\":\"https:\/\/bulentsekerel.com\/#\/schema\/person\/e9e356372e4a3930218cacddd9ef5fd7\"},\"description\":\"Prof. Dr. B\u00fclent Enis \u015eekerel taraf\u0131ndan haz\u0131rlanan ve H\u00fcrriyet Gazetesinde yay\u0131nlanan, Ast\u0131m ile ilgili yaz\u0131ya a\u015fa\u011f\u0131daki linkten ula\u015fabilirsiniz.\",\"breadcrumb\":{\"@id\":\"https:\/\/bulentsekerel.com\/index.php\/bahar-aylarinda-astim-tetikleniyor\/#breadcrumb\"},\"inLanguage\":\"tr\",\"potentialAction\":[{\"@type\":\"ReadAction\",\"target\":[\"https:\/\/bulentsekerel.com\/index.php\/bahar-aylarinda-astim-tetikleniyor\/\"]}]},{\"@type\":\"BreadcrumbList\",\"@id\":\"https:\/\/bulentsekerel.com\/index.php\/bahar-aylarinda-astim-tetikleniyor\/#breadcrumb\",\"itemListElement\":[{\"@type\":\"ListItem\",\"position\":1,\"name\":\"Anasayfa\",\"item\":\"https:\/\/bulentsekerel.com\/\"},{\"@type\":\"ListItem\",\"position\":2,\"name\":\"Bahar aylar\u0131nda ast\u0131m tetikleniyor\"}]},{\"@type\":\"WebSite\",\"@id\":\"https:\/\/bulentsekerel.com\/#website\",\"url\":\"https:\/\/bulentsekerel.com\/\",\"name\":\"Prof. Dr. B\u00fclent Enis \u015eekerel\",\"description\":\"\u00c7ocuk Sa\u011fl\u0131\u011f\u0131 ve Hastal\u0131klar\u0131 &amp; \u00c7ocuk Alerji - Ast\u0131m Uzman\u0131\",\"potentialAction\":[{\"@type\":\"SearchAction\",\"target\":{\"@type\":\"EntryPoint\",\"urlTemplate\":\"https:\/\/bulentsekerel.com\/?s={search_term_string}\"},\"query-input\":\"required name=search_term_string\"}],\"inLanguage\":\"tr\"},{\"@type\":\"Person\",\"@id\":\"https:\/\/bulentsekerel.com\/#\/schema\/person\/e9e356372e4a3930218cacddd9ef5fd7\",\"name\":\"Alerji Doktoru\",\"image\":{\"@type\":\"ImageObject\",\"inLanguage\":\"tr\",\"@id\":\"https:\/\/bulentsekerel.com\/#\/schema\/person\/image\/\",\"url\":\"https:\/\/secure.gravatar.com\/avatar\/aa87061b97514dfad9428fe455521803?s=96&d=mm&r=g\",\"contentUrl\":\"https:\/\/secure.gravatar.com\/avatar\/aa87061b97514dfad9428fe455521803?s=96&d=mm&r=g\",\"caption\":\"Alerji Doktoru\"},\"url\":\"https:\/\/bulentsekerel.com\/index.php\/author\/borabulent\/\"}]}<\/script>\n<!-- \/ Yoast SEO plugin. -->","yoast_head_json":{"title":"Bahar aylar\u0131nda ast\u0131m tetikleniyor - Prof. Dr. B\u00fclent Enis \u015eekerel","description":"Prof. Dr. B\u00fclent Enis \u015eekerel taraf\u0131ndan haz\u0131rlanan ve H\u00fcrriyet Gazetesinde yay\u0131nlanan, Ast\u0131m ile ilgili yaz\u0131ya a\u015fa\u011f\u0131daki linkten ula\u015fabilirsiniz.","robots":{"index":"index","follow":"follow","max-snippet":"max-snippet:-1","max-image-preview":"max-image-preview:large","max-video-preview":"max-video-preview:-1"},"canonical":"https:\/\/bulentsekerel.com\/index.php\/bahar-aylarinda-astim-tetikleniyor\/","og_locale":"tr_TR","og_type":"article","og_title":"Bahar aylar\u0131nda ast\u0131m tetikleniyor - Prof. Dr. B\u00fclent Enis \u015eekerel","og_description":"Prof. Dr. B\u00fclent Enis \u015eekerel taraf\u0131ndan haz\u0131rlanan ve H\u00fcrriyet Gazetesinde yay\u0131nlanan, Ast\u0131m ile ilgili yaz\u0131ya a\u015fa\u011f\u0131daki linkten ula\u015fabilirsiniz.","og_url":"https:\/\/bulentsekerel.com\/index.php\/bahar-aylarinda-astim-tetikleniyor\/","og_site_name":"Prof. Dr. B\u00fclent Enis \u015eekerel","article_published_time":"2017-05-15T13:27:57+00:00","article_modified_time":"2017-06-14T11:21:58+00:00","author":"Alerji Doktoru","twitter_card":"summary_large_image","twitter_misc":{"Yazan:":"Alerji Doktoru","Tahmini okuma s\u00fcresi":"4 dakika"},"schema":{"@context":"https:\/\/schema.org","@graph":[{"@type":"WebPage","@id":"https:\/\/bulentsekerel.com\/index.php\/bahar-aylarinda-astim-tetikleniyor\/","url":"https:\/\/bulentsekerel.com\/index.php\/bahar-aylarinda-astim-tetikleniyor\/","name":"Bahar aylar\u0131nda ast\u0131m tetikleniyor - Prof. Dr. B\u00fclent Enis \u015eekerel","isPartOf":{"@id":"https:\/\/bulentsekerel.com\/#website"},"datePublished":"2017-05-15T13:27:57+00:00","dateModified":"2017-06-14T11:21:58+00:00","author":{"@id":"https:\/\/bulentsekerel.com\/#\/schema\/person\/e9e356372e4a3930218cacddd9ef5fd7"},"description":"Prof. Dr. B\u00fclent Enis \u015eekerel taraf\u0131ndan haz\u0131rlanan ve H\u00fcrriyet Gazetesinde yay\u0131nlanan, Ast\u0131m ile ilgili yaz\u0131ya a\u015fa\u011f\u0131daki linkten ula\u015fabilirsiniz.","breadcrumb":{"@id":"https:\/\/bulentsekerel.com\/index.php\/bahar-aylarinda-astim-tetikleniyor\/#breadcrumb"},"inLanguage":"tr","potentialAction":[{"@type":"ReadAction","target":["https:\/\/bulentsekerel.com\/index.php\/bahar-aylarinda-astim-tetikleniyor\/"]}]},{"@type":"BreadcrumbList","@id":"https:\/\/bulentsekerel.com\/index.php\/bahar-aylarinda-astim-tetikleniyor\/#breadcrumb","itemListElement":[{"@type":"ListItem","position":1,"name":"Anasayfa","item":"https:\/\/bulentsekerel.com\/"},{"@type":"ListItem","position":2,"name":"Bahar aylar\u0131nda ast\u0131m tetikleniyor"}]},{"@type":"WebSite","@id":"https:\/\/bulentsekerel.com\/#website","url":"https:\/\/bulentsekerel.com\/","name":"Prof. Dr. B\u00fclent Enis \u015eekerel","description":"\u00c7ocuk Sa\u011fl\u0131\u011f\u0131 ve Hastal\u0131klar\u0131 &amp; \u00c7ocuk Alerji - Ast\u0131m Uzman\u0131","potentialAction":[{"@type":"SearchAction","target":{"@type":"EntryPoint","urlTemplate":"https:\/\/bulentsekerel.com\/?s={search_term_string}"},"query-input":"required name=search_term_string"}],"inLanguage":"tr"},{"@type":"Person","@id":"https:\/\/bulentsekerel.com\/#\/schema\/person\/e9e356372e4a3930218cacddd9ef5fd7","name":"Alerji Doktoru","image":{"@type":"ImageObject","inLanguage":"tr","@id":"https:\/\/bulentsekerel.com\/#\/schema\/person\/image\/","url":"https:\/\/secure.gravatar.com\/avatar\/aa87061b97514dfad9428fe455521803?s=96&d=mm&r=g","contentUrl":"https:\/\/secure.gravatar.com\/avatar\/aa87061b97514dfad9428fe455521803?s=96&d=mm&r=g","caption":"Alerji Doktoru"},"url":"https:\/\/bulentsekerel.com\/index.php\/author\/borabulent\/"}]}},"_links":{"self":[{"href":"https:\/\/bulentsekerel.com\/index.php\/wp-json\/wp\/v2\/posts\/1441"}],"collection":[{"href":"https:\/\/bulentsekerel.com\/index.php\/wp-json\/wp\/v2\/posts"}],"about":[{"href":"https:\/\/bulentsekerel.com\/index.php\/wp-json\/wp\/v2\/types\/post"}],"author":[{"embeddable":true,"href":"https:\/\/bulentsekerel.com\/index.php\/wp-json\/wp\/v2\/users\/1"}],"replies":[{"embeddable":true,"href":"https:\/\/bulentsekerel.com\/index.php\/wp-json\/wp\/v2\/comments?post=1441"}],"version-history":[{"count":0,"href":"https:\/\/bulentsekerel.com\/index.php\/wp-json\/wp\/v2\/posts\/1441\/revisions"}],"wp:attachment":[{"href":"https:\/\/bulentsekerel.com\/index.php\/wp-json\/wp\/v2\/media?parent=1441"}],"wp:term":[{"taxonomy":"category","embeddable":true,"href":"https:\/\/bulentsekerel.com\/index.php\/wp-json\/wp\/v2\/categories?post=1441"},{"taxonomy":"post_tag","embeddable":true,"href":"https:\/\/bulentsekerel.com\/index.php\/wp-json\/wp\/v2\/tags?post=1441"}],"curies":[{"name":"wp","href":"https:\/\/api.w.org\/{rel}","templated":true}]}}